{"items":"\n\t\t\t\t\t\t\t\t\t\t\t\t\t\t<link rel=\"stylesheet\" id=\"wd-post-types-mod-categories-style-bg-css\" href=\"https:\/\/neuezeiten-wd.de\/wp-content\/themes\/woodmart\/css\/parts\/post-types-mod-categories-style-bg.min.css?ver=8.3.9\" type=\"text\/css\" media=\"all\" \/> \t\t\t\n<article id=\"post-1968\" class=\"wd-post blog-design-masonry blog-post-loop blog-style-bg wd-add-shadow wd-col post-1968 epkb_post_type_1 type-epkb_post_type_1 status-publish hentry epkb_post_type_1_category-zubereitung-von-kaffee epkb_post_type_1_tag-aroma epkb_post_type_1_tag-kaffee epkb_post_type_1_tag-kaffeegeschmack epkb_post_type_1_tag-mahlgrad\">\n\t<div class=\"wd-post-inner article-inner\">\n\t\t\n\t\t<div class=\"wd-post-content article-body-container\">\n\t\t\t\t\t\t\t<div class=\"wd-post-cat wd-style-with-bg meta-post-categories\">\n\t\t\t\t\t<a href=\"https:\/\/neuezeiten-wd.de\/mein-kaffee\/kaffeelexikon\/kategorie\/zubereitung-von-kaffee\/\" rel=\"category tag\">Zubereitung von Kaffee<\/a>\t\t\t\t<\/div>\n\t\t\t\n\t\t\t\t\t\t\t<h3 class=\"wd-post-title wd-entities-title title post-title\">\n\t\t\t\t\t<a href=\"https:\/\/neuezeiten-wd.de\/mein-kaffee\/kaffeelexikon\/mahlgrad\/\" rel=\"bookmark\">Mahlgrad<\/a>\n\t\t\t\t<\/h3>\n\t\t\t\n\t\t\t\t\t\t\t<div class=\"wd-post-meta\">\n\t\t\t\t\t\t\t\t\t\t\t\t\t<link rel=\"stylesheet\" id=\"wd-blog-mod-author-css\" href=\"https:\/\/neuezeiten-wd.de\/wp-content\/themes\/woodmart\/css\/parts\/blog-mod-author.min.css?ver=8.3.9\" type=\"text\/css\" media=\"all\" \/> \t\t\t\t\t\t\t\t<div class=\"wd-post-author\">\n\t\t\t\t\t\t\t\t\t\t\t<span>Posted by<\/span>\n\t\t\n\t\t\t\t\t\t\t\n\t\t\t\t\t<a href=\"https:\/\/neuezeiten-wd.de\/author\/nicole\/\" class=\"author\" rel=\"author\">Nicole Kirschner<\/a>\n\t\t\t\t\t\t\t\t\t<\/div>\n\t\t\t\t\t<div class=\"wd-modified-date\">\n\t\t\t\t\t\t\t\t<time class=\"updated\" datetime=\"2017-10-06T13:48:34+02:00\">\n\t\t\t6. Oktober 2017\t\t<\/time>\n\t\t\t\t\t\t\t<\/div>\n\n\t\t\t\t\t\n\t\t\t\t\t\t\t\t\t<\/div>\n\t\t\t\n\t\t\t\t\t\t\t\t\t\t\t\t<div class=\"wd-post-excerpt entry-content\">\n\t\t\t\t\t\tKaffee verliert nach dem Mahlen sehr schnell sein Aroma. Darum sollten die Bohnen direkt vor dem Aufbr\u00fchen frisch gemahlen werden. Der\u00a0Mahlgrad ein wichtiges Kriterium f\u00fcr den Kaffeegeschmack.\n\n\nZwei Regeln sind zu beachten:\n\n \tJe feiner der Mahlgrad,...\t\t\t\t\t<\/div>\n\t\t\t\t\n\t\t\t\t\t\t\t\t\t\t\t\t\t\t<div class=\"wd-post-read-more wd-style-link read-more-section\">\n\t\t\t\t\t\t<a class=\"\" href=\"https:\/\/neuezeiten-wd.de\/mein-kaffee\/kaffeelexikon\/mahlgrad\/\">mehr lesen<\/a>\t\t\t\t\t<\/div>\n\t\t\t\t\t\t\t\t\t\t\t\t\t<\/div>\n\t<\/div>\n<\/article>\n\n\t\t\t\t\t\t\t\t\t\t\t\n<article id=\"post-1966\" class=\"wd-post blog-design-masonry blog-post-loop blog-style-bg wd-add-shadow wd-col post-1966 epkb_post_type_1 type-epkb_post_type_1 status-publish hentry epkb_post_type_1_category-kaffeewissen epkb_post_type_1_tag-kaffeewissen\">\n\t<div class=\"wd-post-inner article-inner\">\n\t\t\n\t\t<div class=\"wd-post-content article-body-container\">\n\t\t\t\t\t\t\t<div class=\"wd-post-cat wd-style-with-bg meta-post-categories\">\n\t\t\t\t\t<a href=\"https:\/\/neuezeiten-wd.de\/mein-kaffee\/kaffeelexikon\/kategorie\/kaffeewissen\/\" rel=\"category tag\">Kaffeewissen<\/a>\t\t\t\t<\/div>\n\t\t\t\n\t\t\t\t\t\t\t<h3 class=\"wd-post-title wd-entities-title title post-title\">\n\t\t\t\t\t<a href=\"https:\/\/neuezeiten-wd.de\/mein-kaffee\/kaffeelexikon\/bluemchenkaffee\/\" rel=\"bookmark\">Bl\u00fcmchenkaffee<\/a>\n\t\t\t\t<\/h3>\n\t\t\t\n\t\t\t\t\t\t\t<div class=\"wd-post-meta\">\n\t\t\t\t\t\t\t\t\t\t\t\t\t\t\t<div class=\"wd-post-author\">\n\t\t\t\t\t\t\t\t\t\t\t<span>Posted by<\/span>\n\t\t\n\t\t\t\t\t\t\t\n\t\t\t\t\t<a href=\"https:\/\/neuezeiten-wd.de\/author\/nicole\/\" class=\"author\" rel=\"author\">Nicole Kirschner<\/a>\n\t\t\t\t\t\t\t\t\t<\/div>\n\t\t\t\t\t<div class=\"wd-modified-date\">\n\t\t\t\t\t\t\t\t<time class=\"updated\" datetime=\"2017-10-06T13:46:22+02:00\">\n\t\t\t6. Oktober 2017\t\t<\/time>\n\t\t\t\t\t\t\t<\/div>\n\n\t\t\t\t\t\n\t\t\t\t\t\t\t\t\t<\/div>\n\t\t\t\n\t\t\t\t\t\t\t\t\t\t\t\t<div class=\"wd-post-excerpt entry-content\">\n\t\t\t\t\t\tBeim Bl\u00fcmchenkaffee handelt es sich um einen Kaffee, der mit sehr viel Wasser und wenig Kaffeepulver aufgebr\u00fcht und daher kaum Kaffeegeschmack aufweist. Seinen Namen verdankt er dem Mei\u00dfener Porzellanservice mit dem Dekor \u201cGestreute Bl\u00fcmchen\u201d. Wenn...\t\t\t\t\t<\/div>\n\t\t\t\t\n\t\t\t\t\t\t\t\t\t\t\t\t\t\t<div class=\"wd-post-read-more wd-style-link read-more-section\">\n\t\t\t\t\t\t<a class=\"\" href=\"https:\/\/neuezeiten-wd.de\/mein-kaffee\/kaffeelexikon\/bluemchenkaffee\/\">mehr lesen<\/a>\t\t\t\t\t<\/div>\n\t\t\t\t\t\t\t\t\t\t\t\t\t<\/div>\n\t<\/div>\n<\/article>\n\n\t\t\t\t\t\n\t\t\t\t\t","status":"no-more-posts","nextPage":"?woo_ajax=1","currentPage":"https:\/\/neuezeiten-wd.de\/mein-kaffee\/kaffeelexikon-archive\/page\/2"}